{"id":8616,"date":"2024-07-30T16:25:21","date_gmt":"2024-07-30T14:25:21","guid":{"rendered":"https:\/\/www.entrages.be\/wp\/?p=8616"},"modified":"2024-08-29T11:05:15","modified_gmt":"2024-08-29T09:05:15","slug":"manifeste-de-age-platform-europe","status":"publish","type":"post","link":"https:\/\/www.entrages.be\/wp\/manifeste-de-age-platform-europe\/","title":{"rendered":"Manifeste de AGE Platform Europe"},"content":{"rendered":"\t\t<div data-elementor-type=\"wp-post\" data-elementor-id=\"8616\" class=\"elementor elementor-8616\" data-elementor-post-type=\"post\">\n\t\t\t\t\t\t<section data-particle_enable=\"false\" data-particle-mobile-disabled=\"false\" class=\"elementor-section elementor-top-section elementor-element elementor-element-57d446f elementor-section-boxed elementor-section-height-default elementor-section-height-default\" data-id=\"57d446f\" data-element_type=\"section\">\n\t\t\t\t\t\t<div class=\"elementor-container elementor-column-gap-default\">\n\t\t\t\t\t<div class=\"elementor-column elementor-col-100 elementor-top-column elementor-element elementor-element-190cb0a\" data-id=\"190cb0a\" data-element_type=\"column\">\n\t\t\t<div class=\"elementor-widget-wrap elementor-element-populated\">\n\t\t\t\t\t\t<div class=\"elementor-element elementor-element-0cc82c5 elementor-widget elementor-widget-text-editor\" data-id=\"0cc82c5\" data-element_type=\"widget\" data-widget_type=\"text-editor.default\">\n\t\t\t\t<div class=\"elementor-widget-container\">\n\t\t\t\t\t\t\t<p>\u00ab\u00a0L&rsquo;Europe que nous voulons s&rsquo;adresse \u00e0 tous les \u00e2ges\u00a0\u00bb : (re)d\u00e9couvrez le Manifeste de AGE Platform Europe pour les Elections 2024 du Parlement europ\u00e9en (version fran\u00e7aise, octobre 2023).<\/p><p><strong><a href=\"https:\/\/age-manifesto.eu\/wp-content\/uploads\/2023\/10\/agemanifesto2024_fr.pdf\" target=\"_blank\" rel=\"noopener\">Vers le manifeste&#8230;<\/a><\/strong><\/p>\t\t\t\t\t\t<\/div>\n\t\t\t\t<\/div>\n\t\t\t\t\t<\/div>\n\t\t<\/div>\n\t\t\t\t\t<\/div>\n\t\t<\/section>\n\t\t\t\t<\/div>\n\t\t","protected":false},"excerpt":{"rendered":"<p>\u00ab\u00a0L&rsquo;Europe que nous voulons s&rsquo;adresse \u00e0 tous les \u00e2ges\u00a0\u00bb : (re)d\u00e9couvrez le Manifeste de AGE Platform Europe pour les Elections 2024 du Parlement europ\u00e9en (version fran\u00e7aise, octobre 2023). Vers le manifeste&#8230;<\/p>\n","protected":false},"author":2,"featured_media":8617,"comment_status":"closed","ping_status":"open","sticky":true,"template":"","format":"standard","meta":{"cybocfi_hide_featured_image":"yes","footnotes":""},"categories":[59],"tags":[],"yoast_head":"<!-- This site is optimized with the Yoast SEO plugin v16.8 - https:\/\/yoast.com\/wordpress\/plugins\/seo\/ -->\n<title>Manifeste de AGE Platform Europe | Entr&#039;\u00e2ges<\/title>\n<meta name=\"robots\" content=\"index, follow, max-snippet:-1, max-image-preview:large, max-video-preview:-1\" \/>\n<link rel=\"canonical\" href=\"https:\/\/www.entrages.be\/wp\/manifeste-de-age-platform-europe\/\" \/>\n<meta property=\"og:locale\" content=\"fr_FR\" \/>\n<meta property=\"og:type\" content=\"article\" \/>\n<meta property=\"og:title\" content=\"Manifeste de AGE Platform Europe | Entr&#039;\u00e2ges\" \/>\n<meta property=\"og:description\" content=\"\u00ab\u00a0L&rsquo;Europe que nous voulons s&rsquo;adresse \u00e0 tous les \u00e2ges\u00a0\u00bb : (re)d\u00e9couvrez le Manifeste de AGE Platform Europe pour les Elections 2024 du Parlement europ\u00e9en (version fran\u00e7aise, octobre 2023). Vers le manifeste&#8230;\" \/>\n<meta property=\"og:url\" content=\"https:\/\/www.entrages.be\/wp\/manifeste-de-age-platform-europe\/\" \/>\n<meta property=\"og:site_name\" content=\"Entr&#039;\u00e2ges\" \/>\n<meta property=\"article:publisher\" content=\"https:\/\/www.facebook.com\/entragesasbl\/\" \/>\n<meta property=\"article:author\" content=\"https:\/\/www.facebook.com\/entragesasbl\/\" \/>\n<meta property=\"article:published_time\" content=\"2024-07-30T14:25:21+00:00\" \/>\n<meta property=\"article:modified_time\" content=\"2024-08-29T09:05:15+00:00\" \/>\n<meta property=\"og:image\" content=\"https:\/\/www.entrages.be\/wp\/wp-content\/uploads\/2024\/07\/logo_manifesto.jpg\" \/>\n\t<meta property=\"og:image:width\" content=\"800\" \/>\n\t<meta property=\"og:image:height\" content=\"800\" \/>\n<meta name=\"twitter:card\" content=\"summary_large_image\" \/>\n<meta name=\"twitter:label1\" content=\"\u00c9crit par\" \/>\n\t<meta name=\"twitter:data1\" content=\"\" \/>\n<script type=\"application\/ld+json\" class=\"yoast-schema-graph\">{\"@context\":\"https:\/\/schema.org\",\"@graph\":[{\"@type\":\"Organization\",\"@id\":\"https:\/\/www.entrages.be\/wp\/#organization\",\"name\":\"Entr'\\u00e2ges\",\"url\":\"https:\/\/www.entrages.be\/wp\/\",\"sameAs\":[\"https:\/\/www.facebook.com\/entragesasbl\/\"],\"logo\":{\"@type\":\"ImageObject\",\"@id\":\"https:\/\/www.entrages.be\/wp\/#logo\",\"inLanguage\":\"fr-BE\",\"url\":\"https:\/\/www.entrages.be\/wp\/wp-content\/uploads\/2018\/03\/logo-entrages.png\",\"contentUrl\":\"https:\/\/www.entrages.be\/wp\/wp-content\/uploads\/2018\/03\/logo-entrages.png\",\"width\":1142,\"height\":367,\"caption\":\"Entr'\\u00e2ges\"},\"image\":{\"@id\":\"https:\/\/www.entrages.be\/wp\/#logo\"}},{\"@type\":\"WebSite\",\"@id\":\"https:\/\/www.entrages.be\/wp\/#website\",\"url\":\"https:\/\/www.entrages.be\/wp\/\",\"name\":\"Entr&#039;\\u00e2ges\",\"description\":\"Un site pour vivre ensemble \\u00e0 tous \\u00e2ges\",\"publisher\":{\"@id\":\"https:\/\/www.entrages.be\/wp\/#organization\"},\"potentialAction\":[{\"@type\":\"SearchAction\",\"target\":{\"@type\":\"EntryPoint\",\"urlTemplate\":\"https:\/\/www.entrages.be\/wp\/?s={search_term_string}\"},\"query-input\":\"required name=search_term_string\"}],\"inLanguage\":\"fr-BE\"},{\"@type\":\"WebPage\",\"@id\":\"https:\/\/www.entrages.be\/wp\/manifeste-de-age-platform-europe\/#webpage\",\"url\":\"https:\/\/www.entrages.be\/wp\/manifeste-de-age-platform-europe\/\",\"name\":\"Manifeste de AGE Platform Europe | Entr&#039;\\u00e2ges\",\"isPartOf\":{\"@id\":\"https:\/\/www.entrages.be\/wp\/#website\"},\"primaryImageOfPage\":{\"@id\":\"https:\/\/www.entrages.be\/wp\/manifeste-de-age-platform-europe\/#primaryimage\"},\"datePublished\":\"2024-07-30T14:25:21+00:00\",\"dateModified\":\"2024-08-29T09:05:15+00:00\",\"breadcrumb\":{\"@id\":\"https:\/\/www.entrages.be\/wp\/manifeste-de-age-platform-europe\/#breadcrumb\"},\"inLanguage\":\"fr-BE\",\"potentialAction\":[{\"@type\":\"ReadAction\",\"target\":[\"https:\/\/www.entrages.be\/wp\/manifeste-de-age-platform-europe\/\"]}]},{\"@type\":\"BreadcrumbList\",\"@id\":\"https:\/\/www.entrages.be\/wp\/manifeste-de-age-platform-europe\/#breadcrumb\",\"itemListElement\":[{\"@type\":\"ListItem\",\"position\":1,\"name\":\"Home\",\"item\":\"https:\/\/www.entrages.be\/wp\/\"},{\"@type\":\"ListItem\",\"position\":2,\"name\":\"Manifeste de AGE Platform Europe\"}]},{\"@type\":\"Article\",\"@id\":\"https:\/\/www.entrages.be\/wp\/manifeste-de-age-platform-europe\/#article\",\"isPartOf\":{\"@id\":\"https:\/\/www.entrages.be\/wp\/manifeste-de-age-platform-europe\/#webpage\"},\"author\":{\"@id\":\"https:\/\/www.entrages.be\/wp\/#\/schema\/person\/c79045e9e79cf4ae8bf010982030feaa\"},\"headline\":\"Manifeste de AGE Platform Europe\",\"datePublished\":\"2024-07-30T14:25:21+00:00\",\"dateModified\":\"2024-08-29T09:05:15+00:00\",\"mainEntityOfPage\":{\"@id\":\"https:\/\/www.entrages.be\/wp\/manifeste-de-age-platform-europe\/#webpage\"},\"wordCount\":36,\"publisher\":{\"@id\":\"https:\/\/www.entrages.be\/wp\/#organization\"},\"image\":{\"@id\":\"https:\/\/www.entrages.be\/wp\/manifeste-de-age-platform-europe\/#primaryimage\"},\"thumbnailUrl\":\"https:\/\/www.entrages.be\/wp\/wp-content\/uploads\/2024\/07\/logo_manifesto.jpg\",\"articleSection\":[\"Sensibilisation\"],\"inLanguage\":\"fr-BE\"},{\"@type\":\"Person\",\"@id\":\"https:\/\/www.entrages.be\/wp\/#\/schema\/person\/c79045e9e79cf4ae8bf010982030feaa\",\"name\":\"Fr\\u00e9d\\u00e9ric O\",\"image\":{\"@type\":\"ImageObject\",\"@id\":\"https:\/\/www.entrages.be\/wp\/#personlogo\",\"inLanguage\":\"fr-BE\",\"url\":\"https:\/\/secure.gravatar.com\/avatar\/e481902f939ae4989704d3a7bc99dc58?s=96&d=mm&r=g\",\"contentUrl\":\"https:\/\/secure.gravatar.com\/avatar\/e481902f939ae4989704d3a7bc99dc58?s=96&d=mm&r=g\",\"caption\":\"Fr\\u00e9d\\u00e9ric O\"},\"sameAs\":[\"https:\/\/www.facebook.com\/entragesasbl\/\"]}]}<\/script>\n<!-- \/ Yoast SEO plugin. -->","yoast_head_json":{"title":"Manifeste de AGE Platform Europe | Entr&#039;\u00e2ges","robots":{"index":"index","follow":"follow","max-snippet":"max-snippet:-1","max-image-preview":"max-image-preview:large","max-video-preview":"max-video-preview:-1"},"canonical":"https:\/\/www.entrages.be\/wp\/manifeste-de-age-platform-europe\/","og_locale":"fr_FR","og_type":"article","og_title":"Manifeste de AGE Platform Europe | Entr&#039;\u00e2ges","og_description":"\u00ab\u00a0L&rsquo;Europe que nous voulons s&rsquo;adresse \u00e0 tous les \u00e2ges\u00a0\u00bb : (re)d\u00e9couvrez le Manifeste de AGE Platform Europe pour les Elections 2024 du Parlement europ\u00e9en (version fran\u00e7aise, octobre 2023). Vers le manifeste&#8230;","og_url":"https:\/\/www.entrages.be\/wp\/manifeste-de-age-platform-europe\/","og_site_name":"Entr&#039;\u00e2ges","article_publisher":"https:\/\/www.facebook.com\/entragesasbl\/","article_author":"https:\/\/www.facebook.com\/entragesasbl\/","article_published_time":"2024-07-30T14:25:21+00:00","article_modified_time":"2024-08-29T09:05:15+00:00","og_image":[{"width":800,"height":800,"filesize":121871,"url":"https:\/\/www.entrages.be\/wp\/wp-content\/uploads\/2024\/07\/logo_manifesto.jpg","path":"\/home\/entrages\/www\/wp\/wp-content\/uploads\/2024\/07\/logo_manifesto.jpg","size":"full","id":8617,"alt":"","pixels":640000,"type":"image\/jpeg"}],"twitter_card":"summary_large_image","twitter_misc":{"\u00c9crit par":false},"schema":{"@context":"https:\/\/schema.org","@graph":[{"@type":"Organization","@id":"https:\/\/www.entrages.be\/wp\/#organization","name":"Entr'\u00e2ges","url":"https:\/\/www.entrages.be\/wp\/","sameAs":["https:\/\/www.facebook.com\/entragesasbl\/"],"logo":{"@type":"ImageObject","@id":"https:\/\/www.entrages.be\/wp\/#logo","inLanguage":"fr-BE","url":"https:\/\/www.entrages.be\/wp\/wp-content\/uploads\/2018\/03\/logo-entrages.png","contentUrl":"https:\/\/www.entrages.be\/wp\/wp-content\/uploads\/2018\/03\/logo-entrages.png","width":1142,"height":367,"caption":"Entr'\u00e2ges"},"image":{"@id":"https:\/\/www.entrages.be\/wp\/#logo"}},{"@type":"WebSite","@id":"https:\/\/www.entrages.be\/wp\/#website","url":"https:\/\/www.entrages.be\/wp\/","name":"Entr&#039;\u00e2ges","description":"Un site pour vivre ensemble \u00e0 tous \u00e2ges","publisher":{"@id":"https:\/\/www.entrages.be\/wp\/#organization"},"potentialAction":[{"@type":"SearchAction","target":{"@type":"EntryPoint","urlTemplate":"https:\/\/www.entrages.be\/wp\/?s={search_term_string}"},"query-input":"required name=search_term_string"}],"inLanguage":"fr-BE"},{"@type":"WebPage","@id":"https:\/\/www.entrages.be\/wp\/manifeste-de-age-platform-europe\/#webpage","url":"https:\/\/www.entrages.be\/wp\/manifeste-de-age-platform-europe\/","name":"Manifeste de AGE Platform Europe | Entr&#039;\u00e2ges","isPartOf":{"@id":"https:\/\/www.entrages.be\/wp\/#website"},"primaryImageOfPage":{"@id":"https:\/\/www.entrages.be\/wp\/manifeste-de-age-platform-europe\/#primaryimage"},"datePublished":"2024-07-30T14:25:21+00:00","dateModified":"2024-08-29T09:05:15+00:00","breadcrumb":{"@id":"https:\/\/www.entrages.be\/wp\/manifeste-de-age-platform-europe\/#breadcrumb"},"inLanguage":"fr-BE","potentialAction":[{"@type":"ReadAction","target":["https:\/\/www.entrages.be\/wp\/manifeste-de-age-platform-europe\/"]}]},{"@type":"BreadcrumbList","@id":"https:\/\/www.entrages.be\/wp\/manifeste-de-age-platform-europe\/#breadcrumb","itemListElement":[{"@type":"ListItem","position":1,"name":"Home","item":"https:\/\/www.entrages.be\/wp\/"},{"@type":"ListItem","position":2,"name":"Manifeste de AGE Platform Europe"}]},{"@type":"Article","@id":"https:\/\/www.entrages.be\/wp\/manifeste-de-age-platform-europe\/#article","isPartOf":{"@id":"https:\/\/www.entrages.be\/wp\/manifeste-de-age-platform-europe\/#webpage"},"author":{"@id":"https:\/\/www.entrages.be\/wp\/#\/schema\/person\/c79045e9e79cf4ae8bf010982030feaa"},"headline":"Manifeste de AGE Platform Europe","datePublished":"2024-07-30T14:25:21+00:00","dateModified":"2024-08-29T09:05:15+00:00","mainEntityOfPage":{"@id":"https:\/\/www.entrages.be\/wp\/manifeste-de-age-platform-europe\/#webpage"},"wordCount":36,"publisher":{"@id":"https:\/\/www.entrages.be\/wp\/#organization"},"image":{"@id":"https:\/\/www.entrages.be\/wp\/manifeste-de-age-platform-europe\/#primaryimage"},"thumbnailUrl":"https:\/\/www.entrages.be\/wp\/wp-content\/uploads\/2024\/07\/logo_manifesto.jpg","articleSection":["Sensibilisation"],"inLanguage":"fr-BE"},{"@type":"Person","@id":"https:\/\/www.entrages.be\/wp\/#\/schema\/person\/c79045e9e79cf4ae8bf010982030feaa","name":"Fr\u00e9d\u00e9ric O","image":{"@type":"ImageObject","@id":"https:\/\/www.entrages.be\/wp\/#personlogo","inLanguage":"fr-BE","url":"https:\/\/secure.gravatar.com\/avatar\/e481902f939ae4989704d3a7bc99dc58?s=96&d=mm&r=g","contentUrl":"https:\/\/secure.gravatar.com\/avatar\/e481902f939ae4989704d3a7bc99dc58?s=96&d=mm&r=g","caption":"Fr\u00e9d\u00e9ric O"},"sameAs":["https:\/\/www.facebook.com\/entragesasbl\/"]}]}},"_links":{"self":[{"href":"https:\/\/www.entrages.be\/wp\/wp-json\/wp\/v2\/posts\/8616"}],"collection":[{"href":"https:\/\/www.entrages.be\/wp\/wp-json\/wp\/v2\/posts"}],"about":[{"href":"https:\/\/www.entrages.be\/wp\/wp-json\/wp\/v2\/types\/post"}],"author":[{"embeddable":true,"href":"https:\/\/www.entrages.be\/wp\/wp-json\/wp\/v2\/users\/2"}],"replies":[{"embeddable":true,"href":"https:\/\/www.entrages.be\/wp\/wp-json\/wp\/v2\/comments?post=8616"}],"version-history":[{"count":7,"href":"https:\/\/www.entrages.be\/wp\/wp-json\/wp\/v2\/posts\/8616\/revisions"}],"predecessor-version":[{"id":9608,"href":"https:\/\/www.entrages.be\/wp\/wp-json\/wp\/v2\/posts\/8616\/revisions\/9608"}],"wp:featuredmedia":[{"embeddable":true,"href":"https:\/\/www.entrages.be\/wp\/wp-json\/wp\/v2\/media\/8617"}],"wp:attachment":[{"href":"https:\/\/www.entrages.be\/wp\/wp-json\/wp\/v2\/media?parent=8616"}],"wp:term":[{"taxonomy":"category","embeddable":true,"href":"https:\/\/www.entrages.be\/wp\/wp-json\/wp\/v2\/categories?post=8616"},{"taxonomy":"post_tag","embeddable":true,"href":"https:\/\/www.entrages.be\/wp\/wp-json\/wp\/v2\/tags?post=8616"}],"curies":[{"name":"wp","href":"https:\/\/api.w.org\/{rel}","templated":true}]}}